{"id":679,"date":"2024-06-18T11:43:04","date_gmt":"2024-06-18T09:43:04","guid":{"rendered":"https:\/\/adaparentis.com\/?p=679"},"modified":"2024-07-03T10:20:51","modified_gmt":"2024-07-03T08:20:51","slug":"hausse-generalisee-des-tarifs-des-corridas-parentissoises-pour-ledition-2024","status":"publish","type":"post","link":"https:\/\/adaparentis.com\/?p=679","title":{"rendered":"<strong>HAUSSE GENERALISEE DES TARIFS DES CORRIDAS PARENTISSOISES POUR L\u2019EDITION 2024<\/strong>"},"content":{"rendered":"\n<figure class=\"wp-block-image size-large\"><img loading=\"lazy\" decoding=\"async\" width=\"1024\" height=\"768\" src=\"https:\/\/adaparentis.com\/wp-content\/uploads\/2024\/06\/WhatsApp-Image-2024-06-18-a-11.23.02_1b88d60e-1024x768.jpg\" alt=\"\" class=\"wp-image-680\" srcset=\"https:\/\/adaparentis.com\/wp-content\/uploads\/2024\/06\/WhatsApp-Image-2024-06-18-a-11.23.02_1b88d60e-1024x768.jpg 1024w, https:\/\/adaparentis.com\/wp-content\/uploads\/2024\/06\/WhatsApp-Image-2024-06-18-a-11.23.02_1b88d60e-300x225.jpg 300w, https:\/\/adaparentis.com\/wp-content\/uploads\/2024\/06\/WhatsApp-Image-2024-06-18-a-11.23.02_1b88d60e-768x576.jpg 768w, https:\/\/adaparentis.com\/wp-content\/uploads\/2024\/06\/WhatsApp-Image-2024-06-18-a-11.23.02_1b88d60e-1536x1152.jpg 1536w, https:\/\/adaparentis.com\/wp-content\/uploads\/2024\/06\/WhatsApp-Image-2024-06-18-a-11.23.02_1b88d60e.jpg 2000w\" sizes=\"auto, (max-width: 1024px) 100vw, 1024px\" \/><\/figure>\n\n\n\n<p>C\u2019est le constat que chacun peut faire au moment de r\u00e9server ses billets pour la temporada 2024\u2026Que supposer&nbsp;? la R\u00e9gie des Ar\u00e8nes traverse t\u2019elle quelques turbulences sur le plan financier&nbsp;? Madame le Maire de Parentis en Born Pr\u00e9sidente de la R\u00e9gie des Ar\u00e8nes et son Vice-pr\u00e9sident du Comit\u00e9 Taurin ont d\u00e9cid\u00e9 une augmentation des tarifs de 4 \u00e0 10% pour les 4 premiers rangs et de supprimer 2 rangs entiers au tarif le moins \u00e9lev\u00e9 (20\u20ac) pour les passer \u00e0 35\u20ac soit une hausse de plus de 40%&nbsp;!!!&#8230;. Tout ceci sans aucune remarque publique de la part de l\u2019opposition (et pour cause, rappelons que cette \u00ab&nbsp;opposition&nbsp;\u00bb s\u2019est vue attribu\u00e9e la Vice-Pr\u00e9sidence du Comit\u00e9 Taurin\u2026)<\/p>\n\n\n\n<p>&nbsp;Depuis bient\u00f4t 5 ans que l\u2019ADA FERIA ne g\u00e8re plus les corridas, le nouveau financement (d\u00e9sormais public) des novilladas ne donne lieu \u00e0 aucune information&#8230; A ce jour aucune communication pr\u00e9cise, aucun chiffre du nombre d\u2019entr\u00e9es payantes par corrida n\u2019a \u00e9t\u00e9 rendu public, aucun bilan financier d\u00e9taill\u00e9 n\u2019a \u00e9t\u00e9 publi\u00e9, aucune statistique entre billetterie et partenariat n\u2019a vu le jour pour le commun des contribuables !! A croire que ces informations m\u00e9ritent peut-\u00eatre une lecture tout autre que le \u00ab&nbsp;Tout va tr\u00e8s bien Madame la Marquise&nbsp;\u00bb refrain r\u00e9guli\u00e8rement repris depuis quatre ans\u2026Autres inconnues enfin, le montant que repr\u00e9sente pour la Ville la gestion exclusive des Corridas &nbsp;( mise \u00e0 disposition des personnels des Services, du mat\u00e9riel, de la s\u00e9curit\u00e9 etc\u2026) et les invitations dont on ignore tout\u2026mais dont on sait qu\u2019elles sont bien r\u00e9elles\u2026Il serait int\u00e9ressant qu\u2019une communication publique (puisqu\u2019il s\u2019agit d\u2019argent public) soit r\u00e9alis\u00e9e sur ce sujet \u00e0 l\u2019occasion de cette hausse importante des tarifs\u2026.<\/p>\n\n\n\n<p><\/p>\n","protected":false},"excerpt":{"rendered":"<p>C\u2019est le constat que chacun peut faire au moment de r\u00e9server ses billets pour la temporada 2024\u2026Que supposer&nbsp;? la R\u00e9gie des Ar\u00e8nes traverse t\u2019elle quelques turbulences sur le plan financier&nbsp;? Madame le Maire de Parentis en Born Pr\u00e9sidente de la R\u00e9gie des Ar\u00e8nes et son Vice-pr\u00e9sident du Comit\u00e9 Taurin ont d\u00e9cid\u00e9 une augmentation des tarifs&hellip; <a href=\"https:\/\/adaparentis.com\/?p=679\" class=\"more-link\">Lire la suite <span class=\"screen-reader-text\">HAUSSE GENERALISEE DES TARIFS DES CORRIDAS PARENTISSOISES POUR L\u2019EDITION 2024<\/span><\/a><\/p>\n","protected":false},"author":3,"featured_media":0,"comment_status":"closed","ping_status":"closed","sticky":false,"template":"","format":"standard","meta":{"footnotes":""},"categories":[3],"tags":[],"class_list":["post-679","post","type-post","status-publish","format-standard","hentry","category-actualites","without-featured-image"],"_links":{"self":[{"href":"https:\/\/adaparentis.com\/index.php?rest_route=\/wp\/v2\/posts\/679","targetHints":{"allow":["GET"]}}],"collection":[{"href":"https:\/\/adaparentis.com\/index.php?rest_route=\/wp\/v2\/posts"}],"about":[{"href":"https:\/\/adaparentis.com\/index.php?rest_route=\/wp\/v2\/types\/post"}],"author":[{"embeddable":true,"href":"https:\/\/adaparentis.com\/index.php?rest_route=\/wp\/v2\/users\/3"}],"replies":[{"embeddable":true,"href":"https:\/\/adaparentis.com\/index.php?rest_route=%2Fwp%2Fv2%2Fcomments&post=679"}],"version-history":[{"count":1,"href":"https:\/\/adaparentis.com\/index.php?rest_route=\/wp\/v2\/posts\/679\/revisions"}],"predecessor-version":[{"id":681,"href":"https:\/\/adaparentis.com\/index.php?rest_route=\/wp\/v2\/posts\/679\/revisions\/681"}],"wp:attachment":[{"href":"https:\/\/adaparentis.com\/index.php?rest_route=%2Fwp%2Fv2%2Fmedia&parent=679"}],"wp:term":[{"taxonomy":"category","embeddable":true,"href":"https:\/\/adaparentis.com\/index.php?rest_route=%2Fwp%2Fv2%2Fcategories&post=679"},{"taxonomy":"post_tag","embeddable":true,"href":"https:\/\/adaparentis.com\/index.php?rest_route=%2Fwp%2Fv2%2Ftags&post=679"}],"curies":[{"name":"wp","href":"https:\/\/api.w.org\/{rel}","templated":true}]}}