{"id":660,"date":"2024-04-02T10:08:55","date_gmt":"2024-04-02T08:08:55","guid":{"rendered":"https:\/\/adaparentis.com\/?p=660"},"modified":"2024-06-17T11:11:29","modified_gmt":"2024-06-17T09:11:29","slug":"lada-feria-fait-appel-du-jugement-du-tribunal-administratif-de-pau-dans-la-procedure-lopposant-a-la-commune-de-parentis-en-born","status":"publish","type":"post","link":"https:\/\/adaparentis.com\/?p=660","title":{"rendered":"<strong>L\u2019ADA FERIA FAIT APPEL DU JUGEMENT DU TRIBUNAL ADMINISTRATIF DE PAU DANS LA PROCEDURE L\u2019OPPOSANT A LA COMMUNE DE PARENTIS EN BORN<\/strong>"},"content":{"rendered":"\n<figure class=\"wp-block-image size-full\"><img loading=\"lazy\" decoding=\"async\" width=\"1024\" height=\"677\" src=\"https:\/\/adaparentis.com\/wp-content\/uploads\/2024\/04\/Montage-Site-Internet-TRIBUNAL-ADMINISTRATIF-2.jpg\" alt=\"\" class=\"wp-image-663\" srcset=\"https:\/\/adaparentis.com\/wp-content\/uploads\/2024\/04\/Montage-Site-Internet-TRIBUNAL-ADMINISTRATIF-2.jpg 1024w, https:\/\/adaparentis.com\/wp-content\/uploads\/2024\/04\/Montage-Site-Internet-TRIBUNAL-ADMINISTRATIF-2-300x198.jpg 300w, https:\/\/adaparentis.com\/wp-content\/uploads\/2024\/04\/Montage-Site-Internet-TRIBUNAL-ADMINISTRATIF-2-768x508.jpg 768w\" sizes=\"auto, (max-width: 1024px) 100vw, 1024px\" \/><\/figure>\n\n\n\n<p>L\u2019ADA FERIA association organisatrice des novilladas parentissoises de 2005 \u00e0 2019 a pris acte du jugement rendu par le Tribunal Administratif de PAU le 18 mars 2024, dans le contentieux l\u2019opposant \u00e0 la Commune de Parentis-en-Born, aff\u00e9rent \u00e0 la rupture unilat\u00e9rale de la convention de mise \u00e0 disposition des ar\u00e8nes par cette derni\u00e8re.<\/p>\n\n\n\n<p>L\u2019Association qui a vu sa demande rejet\u00e9e, a d\u00e9cid\u00e9 d\u2019en interjeter appel, au motif notamment de ce que la Juridiction a relev\u00e9 que \u00ab (\u2026) la d\u00e9l\u00e9gation de service public n'(a) pas \u00e9t\u00e9 conc\u00e9d\u00e9e selon les r\u00e8gles du Code de la Commande Publique \u00bb, sans qu\u2019aucune cons\u00e9quence ne soit cependant tir\u00e9e du non-respect de la Loi par la Commune.<\/p>\n\n\n\n<p>Il appartiendra donc \u00e0 la Cour Administrative d\u2019Appel de Bordeaux de se prononcer sur le fond de ce dossier.<\/p>\n","protected":false},"excerpt":{"rendered":"<p>L\u2019ADA FERIA association organisatrice des novilladas parentissoises de 2005 \u00e0 2019 a pris acte du jugement rendu par le Tribunal Administratif de PAU le 18 mars 2024, dans le contentieux l\u2019opposant \u00e0 la Commune de Parentis-en-Born, aff\u00e9rent \u00e0 la rupture unilat\u00e9rale de la convention de mise \u00e0 disposition des ar\u00e8nes par cette derni\u00e8re. L\u2019Association qui&hellip; <a href=\"https:\/\/adaparentis.com\/?p=660\" class=\"more-link\">Lire la suite <span class=\"screen-reader-text\">L\u2019ADA FERIA FAIT APPEL DU JUGEMENT DU TRIBUNAL ADMINISTRATIF DE PAU DANS LA PROCEDURE L\u2019OPPOSANT A LA COMMUNE DE PARENTIS EN BORN<\/span><\/a><\/p>\n","protected":false},"author":3,"featured_media":0,"comment_status":"closed","ping_status":"closed","sticky":false,"template":"","format":"standard","meta":{"footnotes":""},"categories":[3],"tags":[],"class_list":["post-660","post","type-post","status-publish","format-standard","hentry","category-actualites","without-featured-image"],"_links":{"self":[{"href":"https:\/\/adaparentis.com\/index.php?rest_route=\/wp\/v2\/posts\/660","targetHints":{"allow":["GET"]}}],"collection":[{"href":"https:\/\/adaparentis.com\/index.php?rest_route=\/wp\/v2\/posts"}],"about":[{"href":"https:\/\/adaparentis.com\/index.php?rest_route=\/wp\/v2\/types\/post"}],"author":[{"embeddable":true,"href":"https:\/\/adaparentis.com\/index.php?rest_route=\/wp\/v2\/users\/3"}],"replies":[{"embeddable":true,"href":"https:\/\/adaparentis.com\/index.php?rest_route=%2Fwp%2Fv2%2Fcomments&post=660"}],"version-history":[{"count":1,"href":"https:\/\/adaparentis.com\/index.php?rest_route=\/wp\/v2\/posts\/660\/revisions"}],"predecessor-version":[{"id":664,"href":"https:\/\/adaparentis.com\/index.php?rest_route=\/wp\/v2\/posts\/660\/revisions\/664"}],"wp:attachment":[{"href":"https:\/\/adaparentis.com\/index.php?rest_route=%2Fwp%2Fv2%2Fmedia&parent=660"}],"wp:term":[{"taxonomy":"category","embeddable":true,"href":"https:\/\/adaparentis.com\/index.php?rest_route=%2Fwp%2Fv2%2Fcategories&post=660"},{"taxonomy":"post_tag","embeddable":true,"href":"https:\/\/adaparentis.com\/index.php?rest_route=%2Fwp%2Fv2%2Ftags&post=660"}],"curies":[{"name":"wp","href":"https:\/\/api.w.org\/{rel}","templated":true}]}}