{"id":620,"date":"2024-02-22T13:49:40","date_gmt":"2024-02-22T12:49:40","guid":{"rendered":"https:\/\/adaparentis.com\/?p=620"},"modified":"2024-04-02T11:09:03","modified_gmt":"2024-04-02T09:09:03","slug":"voyage-a-la-feria-del-aficionado-du-26-au-28-avril-a-san-agustin-del-guadalix","status":"publish","type":"post","link":"https:\/\/adaparentis.com\/?p=620","title":{"rendered":"<strong>VOYAGE A LA FERIA DEL AFICIONADO DU 26 AU 28 AVRIL A SAN AGUSTIN DEL GUADALIX<\/strong>"},"content":{"rendered":"\n<figure class=\"wp-block-image size-full\"><img loading=\"lazy\" decoding=\"async\" width=\"1024\" height=\"677\" src=\"https:\/\/adaparentis.com\/wp-content\/uploads\/2024\/02\/Montage-1024-Site-Internet-Voyage-San-Agustin-Copie.jpg\" alt=\"\" class=\"wp-image-621\" srcset=\"https:\/\/adaparentis.com\/wp-content\/uploads\/2024\/02\/Montage-1024-Site-Internet-Voyage-San-Agustin-Copie.jpg 1024w, https:\/\/adaparentis.com\/wp-content\/uploads\/2024\/02\/Montage-1024-Site-Internet-Voyage-San-Agustin-Copie-300x198.jpg 300w, https:\/\/adaparentis.com\/wp-content\/uploads\/2024\/02\/Montage-1024-Site-Internet-Voyage-San-Agustin-Copie-768x508.jpg 768w\" sizes=\"auto, (max-width: 1024px) 100vw, 1024px\" \/><\/figure>\n\n\n\n<p>Les 27 et 28 avril prochains, l\u2019ADA de Parentis organise un d\u00e9placement \u00e0 Colmenar Viejo &nbsp;pour la troisi\u00e8me \u00e9dition de la \u00ab&nbsp;la Feria del Aficionado&nbsp;\u00bb qui se d\u00e9roulera \u00e0 San Agustin de Guadalix. Le Club Taurin \u00ab&nbsp;3 Puyazos&nbsp;\u00bb dont l\u2019ADA est partie prenante organise deux \u00ab&nbsp;desafios&nbsp;\u00bb ganaderos avec une novillada piqu\u00e9e de Isaias y Tulio Vasquez et Raso de Portillo le Samedi \u00e0 Midi et une corrida de Palha et Conde de la Corte l\u2019apr\u00e8s-midi. La Feria se cl\u00f4turera le dimanche avec une corrida compl\u00e8te de Dolores Aguirre Ce voyage est ouvert \u00e0 tous ceux qui le souhaite dans la limite des places disponibles. Pour s\u2019inscrire <a href=\"mailto:ada-parentis@orange.fr\">ada-parentis@orange.fr<\/a> avant le 15 Mars 2024.<\/p>\n\n\n\n<div data-wp-interactive=\"core\/file\" class=\"wp-block-file\"><object data-wp-bind--hidden=\"!state.hasPdfPreview\" hidden class=\"wp-block-file__embed\" data=\"https:\/\/adaparentis.com\/wp-content\/uploads\/2024\/02\/Le-Programme-du-Voyage-Feria-del-Aficionado-2024.pdf\" type=\"application\/pdf\" style=\"width:100%;height:600px\" aria-label=\"Contenu embarqu\u00e9 Le-Programme-du-Voyage-Feria-del-Aficionado-2024.\"><\/object><a id=\"wp-block-file--media-4bf96651-ad4a-4612-b6d0-c2f72f46dee0\" href=\"https:\/\/adaparentis.com\/wp-content\/uploads\/2024\/02\/Le-Programme-du-Voyage-Feria-del-Aficionado-2024.pdf\">Le-Programme-du-Voyage-Feria-del-Aficionado-2024<\/a><a href=\"https:\/\/adaparentis.com\/wp-content\/uploads\/2024\/02\/Le-Programme-du-Voyage-Feria-del-Aficionado-2024.pdf\" class=\"wp-block-file__button wp-element-button\" download aria-describedby=\"wp-block-file--media-4bf96651-ad4a-4612-b6d0-c2f72f46dee0\">T\u00e9l\u00e9charger<\/a><\/div>\n","protected":false},"excerpt":{"rendered":"<p>Les 27 et 28 avril prochains, l\u2019ADA de Parentis organise un d\u00e9placement \u00e0 Colmenar Viejo &nbsp;pour la troisi\u00e8me \u00e9dition de la \u00ab&nbsp;la Feria del Aficionado&nbsp;\u00bb qui se d\u00e9roulera \u00e0 San Agustin de Guadalix. Le Club Taurin \u00ab&nbsp;3 Puyazos&nbsp;\u00bb dont l\u2019ADA est partie prenante organise deux \u00ab&nbsp;desafios&nbsp;\u00bb ganaderos avec une novillada piqu\u00e9e de Isaias y Tulio&hellip; <a href=\"https:\/\/adaparentis.com\/?p=620\" class=\"more-link\">Lire la suite <span class=\"screen-reader-text\">VOYAGE A LA FERIA DEL AFICIONADO DU 26 AU 28 AVRIL A SAN AGUSTIN DEL GUADALIX<\/span><\/a><\/p>\n","protected":false},"author":3,"featured_media":0,"comment_status":"closed","ping_status":"closed","sticky":false,"template":"","format":"standard","meta":{"footnotes":""},"categories":[3],"tags":[],"class_list":["post-620","post","type-post","status-publish","format-standard","hentry","category-actualites","without-featured-image"],"_links":{"self":[{"href":"https:\/\/adaparentis.com\/index.php?rest_route=\/wp\/v2\/posts\/620","targetHints":{"allow":["GET"]}}],"collection":[{"href":"https:\/\/adaparentis.com\/index.php?rest_route=\/wp\/v2\/posts"}],"about":[{"href":"https:\/\/adaparentis.com\/index.php?rest_route=\/wp\/v2\/types\/post"}],"author":[{"embeddable":true,"href":"https:\/\/adaparentis.com\/index.php?rest_route=\/wp\/v2\/users\/3"}],"replies":[{"embeddable":true,"href":"https:\/\/adaparentis.com\/index.php?rest_route=%2Fwp%2Fv2%2Fcomments&post=620"}],"version-history":[{"count":2,"href":"https:\/\/adaparentis.com\/index.php?rest_route=\/wp\/v2\/posts\/620\/revisions"}],"predecessor-version":[{"id":665,"href":"https:\/\/adaparentis.com\/index.php?rest_route=\/wp\/v2\/posts\/620\/revisions\/665"}],"wp:attachment":[{"href":"https:\/\/adaparentis.com\/index.php?rest_route=%2Fwp%2Fv2%2Fmedia&parent=620"}],"wp:term":[{"taxonomy":"category","embeddable":true,"href":"https:\/\/adaparentis.com\/index.php?rest_route=%2Fwp%2Fv2%2Fcategories&post=620"},{"taxonomy":"post_tag","embeddable":true,"href":"https:\/\/adaparentis.com\/index.php?rest_route=%2Fwp%2Fv2%2Ftags&post=620"}],"curies":[{"name":"wp","href":"https:\/\/api.w.org\/{rel}","templated":true}]}}