{"id":589,"date":"2023-03-02T20:57:49","date_gmt":"2023-03-02T19:57:49","guid":{"rendered":"https:\/\/adaparentis.com\/?p=589"},"modified":"2024-03-20T12:22:01","modified_gmt":"2024-03-20T11:22:01","slug":"voyage-a-la-feria-del-aficionado-a-san-agustin-de-guadalix-du-4-au-8-mai-2023","status":"publish","type":"post","link":"https:\/\/adaparentis.com\/?p=589","title":{"rendered":"<strong>Voyage \u00e0 la \u00ab\u00a0Feria del Aficionado\u00a0\u00bb \u00e0 San Agustin de Guadalix du 4 au 8 Mai 2023<\/strong>"},"content":{"rendered":"\n<figure class=\"wp-block-image size-full\"><img loading=\"lazy\" decoding=\"async\" width=\"1024\" height=\"677\" src=\"https:\/\/adaparentis.com\/wp-content\/uploads\/2023\/03\/Annonce-Feria-2023-Internet-ADA.jpg\" alt=\"\" class=\"wp-image-591\" srcset=\"https:\/\/adaparentis.com\/wp-content\/uploads\/2023\/03\/Annonce-Feria-2023-Internet-ADA.jpg 1024w, https:\/\/adaparentis.com\/wp-content\/uploads\/2023\/03\/Annonce-Feria-2023-Internet-ADA-300x198.jpg 300w, https:\/\/adaparentis.com\/wp-content\/uploads\/2023\/03\/Annonce-Feria-2023-Internet-ADA-768x508.jpg 768w\" sizes=\"auto, (max-width: 1024px) 100vw, 1024px\" \/><\/figure>\n\n\n\n<p>Les 6 et 7 mai prochains, l\u2019ADA de Parentis organise un d\u00e9placement \u00e0 Colmenar Viejo &nbsp;pour la seconde \u00e9dition de la \u00ab&nbsp;la Feria del Aficionado&nbsp;\u00bb qui se d\u00e9roulera \u00e0 San Agustin de Guadalix. Le Club Taurin \u00ab&nbsp;3 Puyazos&nbsp;\u00bb dont l\u2019ADA est partie prenante organise deux desafio ganaderos avec une novillada piqu\u00e9e de Barcial et Sanchez Rico le Samedi \u00e0 Midi et une corrida de toros l\u2019apr\u00e8s-midi avec les \u00e9levages de Dolores Aguirre et Escolar Gil. Le lendemain \u00e0 Midi, le Club Taurin 3 Puyazos organisera une Corrida extraordinaire avec l\u2019\u00e9levage de Reta de Casta Navarra. Ce voyage est ouvert \u00e0 tous ceux qui le souhaite dans la limite des places disponibles. Pour s\u2019inscrire <a href=\"mailto:ada-parentis@orange.fr\">ada-parentis@orange.fr<\/a><\/p>\n\n\n\n<div data-wp-interactive=\"core\/file\" class=\"wp-block-file\"><object data-wp-bind--hidden=\"!state.hasPdfPreview\" hidden class=\"wp-block-file__embed\" data=\"https:\/\/adaparentis.com\/wp-content\/uploads\/2023\/03\/Le-Programme-du-Voyage-2.pdf\" type=\"application\/pdf\" style=\"width:100%;height:600px\" aria-label=\"Contenu embarqu\u00e9 Le-Programme-du-Voyage-2.\"><\/object><a id=\"wp-block-file--media-6c7f1c39-e5f9-4098-b2e6-8a1360b96000\" href=\"https:\/\/adaparentis.com\/wp-content\/uploads\/2023\/03\/Le-Programme-du-Voyage-2.pdf\">Le-Programme-du-Voyage-2<\/a><a href=\"https:\/\/adaparentis.com\/wp-content\/uploads\/2023\/03\/Le-Programme-du-Voyage-2.pdf\" class=\"wp-block-file__button wp-element-button\" download aria-describedby=\"wp-block-file--media-6c7f1c39-e5f9-4098-b2e6-8a1360b96000\">T\u00e9l\u00e9charger<\/a><\/div>\n","protected":false},"excerpt":{"rendered":"<p>Les 6 et 7 mai prochains, l\u2019ADA de Parentis organise un d\u00e9placement \u00e0 Colmenar Viejo &nbsp;pour la seconde \u00e9dition de la \u00ab&nbsp;la Feria del Aficionado&nbsp;\u00bb qui se d\u00e9roulera \u00e0 San Agustin de Guadalix. Le Club Taurin \u00ab&nbsp;3 Puyazos&nbsp;\u00bb dont l\u2019ADA est partie prenante organise deux desafio ganaderos avec une novillada piqu\u00e9e de Barcial et Sanchez&hellip; <a href=\"https:\/\/adaparentis.com\/?p=589\" class=\"more-link\">Lire la suite <span class=\"screen-reader-text\">Voyage \u00e0 la \u00ab\u00a0Feria del Aficionado\u00a0\u00bb \u00e0 San Agustin de Guadalix du 4 au 8 Mai 2023<\/span><\/a><\/p>\n","protected":false},"author":3,"featured_media":0,"comment_status":"closed","ping_status":"closed","sticky":false,"template":"","format":"standard","meta":{"footnotes":""},"categories":[3],"tags":[],"class_list":["post-589","post","type-post","status-publish","format-standard","hentry","category-actualites","without-featured-image"],"_links":{"self":[{"href":"https:\/\/adaparentis.com\/index.php?rest_route=\/wp\/v2\/posts\/589","targetHints":{"allow":["GET"]}}],"collection":[{"href":"https:\/\/adaparentis.com\/index.php?rest_route=\/wp\/v2\/posts"}],"about":[{"href":"https:\/\/adaparentis.com\/index.php?rest_route=\/wp\/v2\/types\/post"}],"author":[{"embeddable":true,"href":"https:\/\/adaparentis.com\/index.php?rest_route=\/wp\/v2\/users\/3"}],"replies":[{"embeddable":true,"href":"https:\/\/adaparentis.com\/index.php?rest_route=%2Fwp%2Fv2%2Fcomments&post=589"}],"version-history":[{"count":5,"href":"https:\/\/adaparentis.com\/index.php?rest_route=\/wp\/v2\/posts\/589\/revisions"}],"predecessor-version":[{"id":604,"href":"https:\/\/adaparentis.com\/index.php?rest_route=\/wp\/v2\/posts\/589\/revisions\/604"}],"wp:attachment":[{"href":"https:\/\/adaparentis.com\/index.php?rest_route=%2Fwp%2Fv2%2Fmedia&parent=589"}],"wp:term":[{"taxonomy":"category","embeddable":true,"href":"https:\/\/adaparentis.com\/index.php?rest_route=%2Fwp%2Fv2%2Fcategories&post=589"},{"taxonomy":"post_tag","embeddable":true,"href":"https:\/\/adaparentis.com\/index.php?rest_route=%2Fwp%2Fv2%2Ftags&post=589"}],"curies":[{"name":"wp","href":"https:\/\/api.w.org\/{rel}","templated":true}]}}