{"id":509,"date":"2021-02-25T12:02:24","date_gmt":"2021-02-25T11:02:24","guid":{"rendered":"https:\/\/adaparentis.com\/?p=509"},"modified":"2021-02-25T12:02:26","modified_gmt":"2021-02-25T11:02:26","slug":"il-nest-de-pire-sourd-que-celui-qui-ne-veut-pas-entendre","status":"publish","type":"post","link":"https:\/\/adaparentis.com\/?p=509","title":{"rendered":"Il n\u2019est de pire sourd que celui qui ne veut pas entendre\u2026"},"content":{"rendered":"\n<figure class=\"wp-block-gallery columns-1 is-cropped wp-block-gallery-1 is-layout-flex wp-block-gallery-is-layout-flex\"><ul class=\"blocks-gallery-grid\"><li class=\"blocks-gallery-item\"><figure><img loading=\"lazy\" decoding=\"async\" width=\"1024\" height=\"681\" src=\"https:\/\/adaparentis.com\/wp-content\/uploads\/2021\/02\/Mouchoirs.jpg\" alt=\"\" data-id=\"510\" data-full-url=\"https:\/\/adaparentis.com\/wp-content\/uploads\/2021\/02\/Mouchoirs.jpg\" data-link=\"https:\/\/adaparentis.com\/?attachment_id=510\" class=\"wp-image-510\" srcset=\"https:\/\/adaparentis.com\/wp-content\/uploads\/2021\/02\/Mouchoirs.jpg 1024w, https:\/\/adaparentis.com\/wp-content\/uploads\/2021\/02\/Mouchoirs-300x200.jpg 300w, https:\/\/adaparentis.com\/wp-content\/uploads\/2021\/02\/Mouchoirs-768x511.jpg 768w\" sizes=\"auto, (max-width: 1024px) 100vw, 1024px\" \/><\/figure><\/li><\/ul><\/figure>\n\n\n\n<p>Dans plusieurs posts successifs parus sur Facebook l\u2019un des membres de l\u2019opposition municipale si\u00e9geant au nouveau Conseil Consultatif Taurin en tant que d\u00e9sormais Vice-Pr\u00e9sident (toutes nos f\u00e9licitations pour cette belle promotion !) r\u00e9agit au Communiqu\u00e9 de l\u2019ADA Feria.<\/p>\n\n\n\n<p>Si l\u2019on s\u2019en tient uniquement aux d\u00e9clarations, il s\u2019agit l\u00e0 d\u2019un pav\u00e9 de bonnes intentions qui si l\u2019on n\u2019y prend pas garde nous ferait presque sortir les mouchoirs\u2026<\/p>\n\n\n\n<p>La r\u00e9alit\u00e9 malheureusement est tout autre. Sans vouloir tomber dans la parano\u00efa, nous sommes convaincus que notre \u00e9viction \u00e9tait soigneusement pr\u00e9par\u00e9e depuis d\u00e9j\u00e0 pas mal de temps. Plusieurs personnes nous ont fait part \u00e0 l\u2019\u00e9poque d\u2019indiscr\u00e9tions sur ce qui se tramait dans notre dos&#8230; Plus concr\u00e8tement, \u00e0 l\u2019approche des \u00e9lections municipales, il n\u2019aurait pas \u00e9t\u00e9 de bon ton de ne pas renouveler la convention avec l\u2019ADA Feria (Ann\u00e9e du Centenaire). Cette d\u00e9cision aurait \u00e9t\u00e9 du plus mauvais effet dans le contexte pr\u00e9-\u00e9lectoral et les crispations autour des travaux de couverture des Ar\u00e8nes. Il a donc fallu attendre de meilleurs jours en l\u2019occurrence la prise de fonctions de notre nouvelle Maire. Connaissant l\u2019\u00e9tat des relations entre les diff\u00e9rents acteurs, ce fut un jeu d\u2019enfants pour elle d\u2019entrainer fort intelligemment l\u2019opposition dans sa man\u0153uvre\u2026 Mais de l\u00e0 \u00e0 ce que certains membres de l\u2019opposition aient pu \u00eatre des soutiens actifs \u00e0 ce projet, cela reste pour le moins paradoxal\u2026<\/p>\n\n\n\n<p>Sans aucune illusion sur la versatilit\u00e9 politique de nos \u00e9lus, nous avons pu mesurer comment certains champions de la soi-disant \u00ab&nbsp;d\u00e9mocratie participative&nbsp;\u00bb ont oubli\u00e9 (par connivence&nbsp;?) de nous interroger (par simple correction) avant de succomber aux sir\u00e8nes de la majorit\u00e9 municipale\u2026 La moindre des choses aurait \u00e9t\u00e9 qu\u2019avant le 3 Novembre (dernier jour pr\u00e9c\u00e9dant notre rencontre avec Madame le Maire) les repr\u00e9sentants de l\u2019opposition nous interpellent pour connaitre notre appr\u00e9ciation sur le sujet. Or, ils ne l\u2019ont pas fait (en temps voulu) car ils ont \u00e9t\u00e9 soit pi\u00e9g\u00e9s, soit complices de la d\u00e9cision de notre Maire\u2026qui tr\u00e8s justement nous a inform\u00e9 le jour de notre rencontre avoir eu l\u2019accord des \u00e9lus lors de la r\u00e9union tenue le jour pr\u00e9c\u00e9dent\u2026En clair, comme l\u2019a \u00e9crit notre Maire \u00ab&nbsp;<em>les conditions de l\u2019intervention municipale seront \u00e0 d\u00e9terminer ult\u00e9rieurement <strong>par des discussions en toute transparence avec l\u2019ensemble des organisateurs<\/strong>&nbsp;\u00bb <\/em>A croire que nous ne faisions pas partie des organisateurs et que nous n\u2019avons pas su discerner la transparence des discussions\u2026<\/p>\n","protected":false},"excerpt":{"rendered":"<p>Dans plusieurs posts successifs parus sur Facebook l\u2019un des membres de l\u2019opposition municipale si\u00e9geant au nouveau Conseil Consultatif Taurin en tant que d\u00e9sormais Vice-Pr\u00e9sident (toutes nos f\u00e9licitations pour cette belle promotion !) r\u00e9agit au Communiqu\u00e9 de l\u2019ADA Feria. Si l\u2019on s\u2019en tient uniquement aux d\u00e9clarations, il s\u2019agit l\u00e0 d\u2019un pav\u00e9 de bonnes intentions qui si&hellip; <a href=\"https:\/\/adaparentis.com\/?p=509\" class=\"more-link\">Lire la suite <span class=\"screen-reader-text\">Il n\u2019est de pire sourd que celui qui ne veut pas entendre\u2026<\/span><\/a><\/p>\n","protected":false},"author":3,"featured_media":0,"comment_status":"closed","ping_status":"closed","sticky":false,"template":"","format":"standard","meta":{"footnotes":""},"categories":[3],"tags":[],"class_list":["post-509","post","type-post","status-publish","format-standard","hentry","category-actualites","without-featured-image"],"_links":{"self":[{"href":"https:\/\/adaparentis.com\/index.php?rest_route=\/wp\/v2\/posts\/509","targetHints":{"allow":["GET"]}}],"collection":[{"href":"https:\/\/adaparentis.com\/index.php?rest_route=\/wp\/v2\/posts"}],"about":[{"href":"https:\/\/adaparentis.com\/index.php?rest_route=\/wp\/v2\/types\/post"}],"author":[{"embeddable":true,"href":"https:\/\/adaparentis.com\/index.php?rest_route=\/wp\/v2\/users\/3"}],"replies":[{"embeddable":true,"href":"https:\/\/adaparentis.com\/index.php?rest_route=%2Fwp%2Fv2%2Fcomments&post=509"}],"version-history":[{"count":2,"href":"https:\/\/adaparentis.com\/index.php?rest_route=\/wp\/v2\/posts\/509\/revisions"}],"predecessor-version":[{"id":512,"href":"https:\/\/adaparentis.com\/index.php?rest_route=\/wp\/v2\/posts\/509\/revisions\/512"}],"wp:attachment":[{"href":"https:\/\/adaparentis.com\/index.php?rest_route=%2Fwp%2Fv2%2Fmedia&parent=509"}],"wp:term":[{"taxonomy":"category","embeddable":true,"href":"https:\/\/adaparentis.com\/index.php?rest_route=%2Fwp%2Fv2%2Fcategories&post=509"},{"taxonomy":"post_tag","embeddable":true,"href":"https:\/\/adaparentis.com\/index.php?rest_route=%2Fwp%2Fv2%2Ftags&post=509"}],"curies":[{"name":"wp","href":"https:\/\/api.w.org\/{rel}","templated":true}]}}