{"id":505,"date":"2021-02-25T11:11:43","date_gmt":"2021-02-25T10:11:43","guid":{"rendered":"https:\/\/adaparentis.com\/?p=505"},"modified":"2022-03-07T14:50:40","modified_gmt":"2022-03-07T13:50:40","slug":"lada-feria-a-decide-de-saisir-le-tribunal-administratif-de-pau","status":"publish","type":"post","link":"https:\/\/adaparentis.com\/?p=505","title":{"rendered":"L\u2019ADA Feria a d\u00e9cid\u00e9 de saisir le tribunal Administratif de Pau"},"content":{"rendered":"\n<figure class=\"wp-block-image size-large\"><img loading=\"lazy\" decoding=\"async\" width=\"1024\" height=\"681\" src=\"https:\/\/adaparentis.com\/wp-content\/uploads\/2021\/02\/Photo-Requ\u00eate-TA.jpg\" alt=\"\" class=\"wp-image-506\" srcset=\"https:\/\/adaparentis.com\/wp-content\/uploads\/2021\/02\/Photo-Requ\u00eate-TA.jpg 1024w, https:\/\/adaparentis.com\/wp-content\/uploads\/2021\/02\/Photo-Requ\u00eate-TA-300x200.jpg 300w, https:\/\/adaparentis.com\/wp-content\/uploads\/2021\/02\/Photo-Requ\u00eate-TA-768x511.jpg 768w\" sizes=\"auto, (max-width: 1024px) 100vw, 1024px\" \/><\/figure>\n\n\n\n<p>Compte tenu des circonstances et de la mani\u00e8re dont s\u2019est comport\u00e9e la Municipalit\u00e9 de Parentis en Born \u00e0 l\u2019\u00e9gard de l\u2019ensemble des membres de l\u2019ADA Feria et de tous les b\u00e9n\u00e9voles qui ont \u0153uvr\u00e9 durant plus de 15 ans \u00e0 l\u2019organisation des novilladas , notre Association a d\u00e9cid\u00e9 de saisir le Tribunal Administratif de Pau pour trancher le litige qui l\u2019oppose \u00e0 la Ville de Parentis en Born suite \u00e0 la d\u00e9cision de la commune de rompre la convention de mise \u00e0 disposition des Ar\u00e8nes pour l\u2019organisation des Bolsins, novilladas et corridas. Bien entendu, nous ne manquerons pas d\u2019informer nos amis aficionados des suites donn\u00e9es \u00e0 ce dossier.<\/p>\n","protected":false},"excerpt":{"rendered":"<p>Compte tenu des circonstances et de la mani\u00e8re dont s\u2019est comport\u00e9e la Municipalit\u00e9 de Parentis en Born \u00e0 l\u2019\u00e9gard de l\u2019ensemble des membres de l\u2019ADA Feria et de tous les b\u00e9n\u00e9voles qui ont \u0153uvr\u00e9 durant plus de 15 ans \u00e0 l\u2019organisation des novilladas , notre Association a d\u00e9cid\u00e9 de saisir le Tribunal Administratif de Pau&hellip; <a href=\"https:\/\/adaparentis.com\/?p=505\" class=\"more-link\">Lire la suite <span class=\"screen-reader-text\">L\u2019ADA Feria a d\u00e9cid\u00e9 de saisir le tribunal Administratif de Pau<\/span><\/a><\/p>\n","protected":false},"author":3,"featured_media":0,"comment_status":"closed","ping_status":"closed","sticky":false,"template":"","format":"standard","meta":{"footnotes":""},"categories":[3],"tags":[],"class_list":["post-505","post","type-post","status-publish","format-standard","hentry","category-actualites","without-featured-image"],"_links":{"self":[{"href":"https:\/\/adaparentis.com\/index.php?rest_route=\/wp\/v2\/posts\/505","targetHints":{"allow":["GET"]}}],"collection":[{"href":"https:\/\/adaparentis.com\/index.php?rest_route=\/wp\/v2\/posts"}],"about":[{"href":"https:\/\/adaparentis.com\/index.php?rest_route=\/wp\/v2\/types\/post"}],"author":[{"embeddable":true,"href":"https:\/\/adaparentis.com\/index.php?rest_route=\/wp\/v2\/users\/3"}],"replies":[{"embeddable":true,"href":"https:\/\/adaparentis.com\/index.php?rest_route=%2Fwp%2Fv2%2Fcomments&post=505"}],"version-history":[{"count":1,"href":"https:\/\/adaparentis.com\/index.php?rest_route=\/wp\/v2\/posts\/505\/revisions"}],"predecessor-version":[{"id":508,"href":"https:\/\/adaparentis.com\/index.php?rest_route=\/wp\/v2\/posts\/505\/revisions\/508"}],"wp:attachment":[{"href":"https:\/\/adaparentis.com\/index.php?rest_route=%2Fwp%2Fv2%2Fmedia&parent=505"}],"wp:term":[{"taxonomy":"category","embeddable":true,"href":"https:\/\/adaparentis.com\/index.php?rest_route=%2Fwp%2Fv2%2Fcategories&post=505"},{"taxonomy":"post_tag","embeddable":true,"href":"https:\/\/adaparentis.com\/index.php?rest_route=%2Fwp%2Fv2%2Ftags&post=505"}],"curies":[{"name":"wp","href":"https:\/\/api.w.org\/{rel}","templated":true}]}}