{"id":273,"date":"2020-01-19T15:01:00","date_gmt":"2020-01-19T14:01:00","guid":{"rendered":"http:\/\/adaparentis.com\/?p=273"},"modified":"2020-04-30T12:32:17","modified_gmt":"2020-04-30T10:32:17","slug":"deux-desafios-taurinos-au-menu-de-la-feria-des-8-et-9-aout-2020","status":"publish","type":"post","link":"https:\/\/adaparentis.com\/?p=273","title":{"rendered":"Conf\u00e9rence de l&rsquo;ADA avec Federico Moreno"},"content":{"rendered":"\n<div class=\"wp-block-group\"><div class=\"wp-block-group__inner-container is-layout-flow wp-block-group-is-layout-flow\">\n<p>Dans le cadre de ses conf\u00e9rences hivernales, l\u2019Association des Aficionados de Parentis en Born (ADA) recevra :&nbsp;<\/p>\n\n\n\n<p><strong>Federico MORENO<\/strong><br><strong>Membre du Corps des V\u00e9t\u00e9rinaires des Ar\u00e8nes de Las Ventas de Madrid de 1997 \u00e0 2006<\/strong><\/p>\n\n\n\n<p>Le SAMEDI 29 FEVRIER \u00e0 18h30<br>Salle Ren\u00e9 Labat au Centre Administratif de Parentis Place du 14 Juillet.<\/p>\n\n\n\n<p>La conf\u00e9rence est gratuite et ouverte \u00e0 tous ceux qui le souhaitent.&nbsp;<\/p>\n\n\n\n<p>Un ap\u00e9ritif d\u00eenatoire sera organis\u00e9 \u00e0 l\u2019issue de la conf\u00e9rence moyennant une participation de 22\u20ac par personne. Les inscriptions \u00e0 l\u2019Ap\u00e9ritif dinatoire sont ouvertes jusqu\u2019au&nbsp;<strong>22 F\u00e9vrier dernier d\u00e9lai<\/strong>&nbsp;\u00e0 : ada-parentis@orange.fr ou en laissant un message sur le r\u00e9pondeur de l\u2019ADA au 05.58.78.45.34.&nbsp;<\/p>\n\n\n\n<p>Dans l\u2019attente de vous y retrouver<\/p>\n<\/div><\/div>\n","protected":false},"excerpt":{"rendered":"<p>Dans le cadre de ses conf\u00e9rences hivernales, l\u2019Association des Aficionados de Parentis en Born (ADA) recevra :&nbsp; Federico MORENOMembre du Corps des V\u00e9t\u00e9rinaires des Ar\u00e8nes de Las Ventas de Madrid de 1997 \u00e0 2006 Le SAMEDI 29 FEVRIER \u00e0 18h30Salle Ren\u00e9 Labat au Centre Administratif de Parentis Place du 14 Juillet. La conf\u00e9rence est gratuite&hellip; <a href=\"https:\/\/adaparentis.com\/?p=273\" class=\"more-link\">Lire la suite <span class=\"screen-reader-text\">Conf\u00e9rence de l&rsquo;ADA avec Federico Moreno<\/span><\/a><\/p>\n","protected":false},"author":1,"featured_media":0,"comment_status":"closed","ping_status":"open","sticky":false,"template":"","format":"standard","meta":{"footnotes":""},"categories":[3],"tags":[],"class_list":["post-273","post","type-post","status-publish","format-standard","hentry","category-actualites","without-featured-image"],"_links":{"self":[{"href":"https:\/\/adaparentis.com\/index.php?rest_route=\/wp\/v2\/posts\/273","targetHints":{"allow":["GET"]}}],"collection":[{"href":"https:\/\/adaparentis.com\/index.php?rest_route=\/wp\/v2\/posts"}],"about":[{"href":"https:\/\/adaparentis.com\/index.php?rest_route=\/wp\/v2\/types\/post"}],"author":[{"embeddable":true,"href":"https:\/\/adaparentis.com\/index.php?rest_route=\/wp\/v2\/users\/1"}],"replies":[{"embeddable":true,"href":"https:\/\/adaparentis.com\/index.php?rest_route=%2Fwp%2Fv2%2Fcomments&post=273"}],"version-history":[{"count":3,"href":"https:\/\/adaparentis.com\/index.php?rest_route=\/wp\/v2\/posts\/273\/revisions"}],"predecessor-version":[{"id":453,"href":"https:\/\/adaparentis.com\/index.php?rest_route=\/wp\/v2\/posts\/273\/revisions\/453"}],"wp:attachment":[{"href":"https:\/\/adaparentis.com\/index.php?rest_route=%2Fwp%2Fv2%2Fmedia&parent=273"}],"wp:term":[{"taxonomy":"category","embeddable":true,"href":"https:\/\/adaparentis.com\/index.php?rest_route=%2Fwp%2Fv2%2Fcategories&post=273"},{"taxonomy":"post_tag","embeddable":true,"href":"https:\/\/adaparentis.com\/index.php?rest_route=%2Fwp%2Fv2%2Ftags&post=273"}],"curies":[{"name":"wp","href":"https:\/\/api.w.org\/{rel}","templated":true}]}}